{"id":811,"date":"2022-03-20T14:47:37","date_gmt":"2022-03-20T14:47:37","guid":{"rendered":"https:\/\/remsecker-waldlauf.de\/?p=811"},"modified":"2022-04-10T17:13:57","modified_gmt":"2022-04-10T17:13:57","slug":"berichte-zum-1-remsecker-waldlauf","status":"publish","type":"post","link":"https:\/\/remsecker-waldlauf.de\/?p=811","title":{"rendered":"Berichte zum 1. Remsecker Waldlauf"},"content":{"rendered":"\n<p><strong>Wir sagen vielen Dank f\u00fcr den tollen Tag, welchen wir mit euch zusammen erleben durften! Danke an alle Kinder und L\u00e4ufer, welche mit Freude und Leidenschaft heute dabei waren. DANKE!<\/strong><\/p>\n\n\n\n<p><strong>Vielen Dank an alle Sponsoren, Unterst\u00fctzer, DRK Remseck, Achim Seiter mit Team und unseren Helfern!<\/strong><\/p>\n\n\n\n<p>Die&nbsp;<a href=\"https:\/\/remsecker-waldlauf.de\/?page_id=17\"><strong>Ergebnisse<\/strong><\/a>&nbsp;zum 1. Remsecker Wadllauf sind online. Der Druck der Urkunden wird ab morgen einwandfrei funktionieren. Vielen Dank f\u00fcr eure Teilnahme!<\/p>\n\n\n\n<p>Unser Fotograf HoWa hat unseren 1. Remsecker Waldlauf in&nbsp;<a href=\"https:\/\/remsecker-waldlauf.de\/?p=540\"><strong>Bildern<\/strong><\/a>&nbsp;festgehalten. Neue&nbsp;<a href=\"https:\/\/remsecker-waldlauf.de\/?page_id=699\"><strong>Bilder aus der Luft<\/strong><\/a>&nbsp;zum 1. Remsecker Waldlauf. Wir w\u00fcnschen euch viel Spa\u00df beim anschauen der Bilder und sagen Danke an HoWa.<\/p>\n\n\n\n<p>Der&nbsp;<a rel=\"noreferrer noopener\" href=\"https:\/\/www.lkz.de\/lokales\/landkreis-ludwigsburg_artikel,-fitness-test-in-der-pandemie-waldlauf-mit-465-teilnehmern-_arid,655033.html?fbclid=IwAR3FFPSXBR8PKbgrL1c9iFX2rrz_2iKLrG0Dy0kcbVNk86bCy-5a6vSM6dk\" target=\"_blank\"><strong>Zeitungsbericht<\/strong><\/a>&nbsp;der Ludwigsburger-Kreis-Zeitung zum 1. Remsecker Waldlauf.<\/p>\n\n\n\n<p>Bei den L\u00e4ufen Seitel \u2013 Kurzstrecke und Bauideen21 \u2013 Mittelstrecke ist Peter Steiner mitgelaufen. Er ist ein Lauf-Blogger und hat einen sch\u00f6nen Bericht \u00fcber unseren 1. Remsecker Waldlauf geschrieben. Vielen Dank Peter und euch viel Spa\u00df beim&nbsp;<a rel=\"noreferrer noopener\" href=\"https:\/\/petersteiner.blogspot.com\/2021\/10\/1-remsecker-waldlauf-in-remseck-am.html\" target=\"_blank\"><strong>Lesen<\/strong><\/a>.<\/p>\n\n\n\n<p>Ihr wollt noch unser&nbsp;<strong>Remsecker Waldlauf Shirt kaufen<\/strong>? So&nbsp;<a href=\"mailto:info@remsecker-waldlauf.de\"><strong>meldet<\/strong><\/a>&nbsp;euch einfach bei uns, wir schicken euch das Remsecker Waldlauf Shirt nach Hause. Inklusive Versand&nbsp;<strong>13,50 Euro<\/strong>. Nur so lange der Vorrat reicht!<\/p>\n\n\n\n<p><strong>Wir freuen uns auf eure Teilnahme am 01.10.2022!<\/strong>&nbsp;Notiert euch den Termin bereits in eure Kalender. Wir freuen uns auf euch!<\/p>\n\n\n\n<hr class=\"wp-block-separator has-text-color has-background has-luminous-vivid-amber-background-color has-luminous-vivid-amber-color\"\/>\n\n\n\n<p><strong>#Arbeiten im Hochdorfer Wald<\/strong><\/p>\n\n\n\n<p>Im Wald von Hochdorf wird stark gearbeitet. Wir sind gespannt, wie die Strecken und der Wald bei unserem 2. Remsecker Waldlauf am 01.10.2022 aussehen wird.<\/p>\n\n\n\n<p>Hier die Antworten von ForstBW, welche als PM bei der Waiblinger Zeitung ver\u00f6ffentlicht wurden:<\/p>\n\n\n\n<p><strong>1. Warum werden im Staatswald von Remseck-Hochdorf derzeit seit vergangener Woche gro\u00dfe Fl\u00e4chen gerodet?<\/strong><\/p>\n\n\n\n<p>In einem Waldbestand, der sich \u00fcberwiegend aus jungen Eschen, Bergahorn und Kirschen zusammengesetzt hat, sind aufgrund von Pilzbefall mit dem \u201eFalschen Wei\u00dfen Stengelbecherchen\u201c, einer aus S\u00fcdostasien eingeschleppten Pilzart, die Eschen abgestorben. Die abgestorbenen Eschen sind teilweise umgefallen, in Nachbarb\u00e4umen h\u00e4ngen geblieben oder haben diese beim Umfallen besch\u00e4digt. Die abgestorbenen Eschen wurden auf einer Fl\u00e4che von unter einem Hektar Gr\u00f6\u00dfe entfernt um neue B\u00e4umchen pflanzen zu k\u00f6nnen. Gesunde, unbesch\u00e4digte Bergahorn-B\u00e4ume und Kirschen wurden markiert und erhalten. Auf der freigewordenen Fl\u00e4che werden in den lichteren Bereichen zeitnah Eichen und Hainbuchen gepflanzt. In den Bereichen mit weniger Lichteinfall werden Wei\u00dftannen gepflanzt. Auf diese Weise wird ein labiler Waldbestand in einen artenreichen und gesunden Mischbestand umgebaut.<\/p>\n\n\n\n<p><strong>2. Wann wird die F\u00e4llaktion beendet?<\/strong><\/p>\n\n\n\n<p>Die F\u00e4llaktion wird in den n\u00e4chsten Tagen beendet.<\/p>\n\n\n\n<p><strong>3. Was passiert mit dem Holz?<\/strong><\/p>\n\n\n\n<p>Das Holz der jungen abgestorbenen Eschen wird aufgrund der geringen Dimension energetisch genutzt. Gr\u00f6\u00dfere B\u00e4ume werden zu S\u00e4gewaren verarbeitet. Aus Gr\u00fcnden des Naturschutzes und Vorgaben der unabh\u00e4ngigen Zertifizierungssysteme verbleibt ein Teil des Holzes als \u00f6kologisch wertvolles, sogenanntes \u201eTotholz\u201c auf der Fl\u00e4che.<\/p>\n\n\n\n<p><strong>4. Warum wurde \u00fcber die Aktion nicht mit einer Infotafel vor Ort informiert?<\/strong><\/p>\n\n\n\n<p>Mit Beschwerden durch die Bev\u00f6lkerung wurde nicht gerechnet. Wegen der umgest\u00fcrzten und h\u00e4ngenden B\u00e4ume war auch f\u00fcr Laien erkennbar, dass es um diesen Waldbestand nicht gut steht und hier gehandelt werden muss, um einen stabilen, gesunden Wald zu erhalten. Obwohl jeder in Deutschland im Schnitt 1,3 m\u00b3 Holz im Jahr verbraucht, reagiert die Bev\u00f6lkerung gegen\u00fcber der Waldwirtschaft sehr kritisch. Wir werden deshalb unsere \u00d6ffentlichkeitsarbeit weiter ausbauen.<\/p>\n\n\n\n<p><strong>5. Werden die Fu\u00dfwege, die zerst\u00f6rt wurden, wieder instandgesetzt \u2013 und falls ja: Wann soll das erfolgen?<\/strong><\/p>\n\n\n\n<p>Aufgrund des milden und regenreichen Winters bleiben Fahrspuren und Verschmutzungen auf den Waldwegen nicht aus. Dies um so mehr, weil die Best\u00e4nde aus Bodenschutzgr\u00fcnden nicht fl\u00e4chig befahren werden, sondern die Befahrung durch Erntemaschinen auf vorgegebene Linien, sogenannte R\u00fcckegassen, konzentriert wird. Die Waldwege werden im Laufe des Fr\u00fchjahrs bei trockener Witterung instandgesetzt, so dass diese wieder gut f\u00fcr die Waldbesucher begehbar sind.<\/p>\n\n\n\n<figure class=\"wp-block-gallery has-nested-images columns-default is-cropped wp-block-gallery-1 is-layout-flex wp-block-gallery-is-layout-flex\">\n<figure class=\"wp-block-image size-large\"><img loading=\"lazy\" decoding=\"async\" width=\"1024\" height=\"770\" data-id=\"769\" src=\"https:\/\/remsecker-waldlauf.de\/wp-content\/uploads\/2022\/03\/274469388_513532533521959_1329201967680364754_n-1024x770.jpg\" alt=\"\" class=\"wp-image-769\" srcset=\"https:\/\/remsecker-waldlauf.de\/wp-content\/uploads\/2022\/03\/274469388_513532533521959_1329201967680364754_n-1024x770.jpg 1024w, https:\/\/remsecker-waldlauf.de\/wp-content\/uploads\/2022\/03\/274469388_513532533521959_1329201967680364754_n-300x226.jpg 300w, https:\/\/remsecker-waldlauf.de\/wp-content\/uploads\/2022\/03\/274469388_513532533521959_1329201967680364754_n-768x578.jpg 768w, https:\/\/remsecker-waldlauf.de\/wp-content\/uploads\/2022\/03\/274469388_513532533521959_1329201967680364754_n-1x1.jpg 1w, https:\/\/remsecker-waldlauf.de\/wp-content\/uploads\/2022\/03\/274469388_513532533521959_1329201967680364754_n.jpg 1440w\" sizes=\"auto, (max-width: 1024px) 100vw, 1024px\" \/><\/figure>\n\n\n\n<figure class=\"wp-block-image size-large\"><img loading=\"lazy\" decoding=\"async\" width=\"1440\" height=\"1083\" data-id=\"771\" src=\"https:\/\/remsecker-waldlauf.de\/wp-content\/uploads\/2022\/03\/274668194_513532516855294_6445896839996785800_n.jpg\" alt=\"\" class=\"wp-image-771\" srcset=\"https:\/\/remsecker-waldlauf.de\/wp-content\/uploads\/2022\/03\/274668194_513532516855294_6445896839996785800_n.jpg 1440w, https:\/\/remsecker-waldlauf.de\/wp-content\/uploads\/2022\/03\/274668194_513532516855294_6445896839996785800_n-300x226.jpg 300w, https:\/\/remsecker-waldlauf.de\/wp-content\/uploads\/2022\/03\/274668194_513532516855294_6445896839996785800_n-1024x770.jpg 1024w, https:\/\/remsecker-waldlauf.de\/wp-content\/uploads\/2022\/03\/274668194_513532516855294_6445896839996785800_n-768x578.jpg 768w, https:\/\/remsecker-waldlauf.de\/wp-content\/uploads\/2022\/03\/274668194_513532516855294_6445896839996785800_n-1x1.jpg 1w\" sizes=\"auto, (max-width: 1440px) 100vw, 1440px\" \/><\/figure>\n\n\n\n<figure class=\"wp-block-image size-large\"><img loading=\"lazy\" decoding=\"async\" width=\"1440\" height=\"1083\" data-id=\"770\" src=\"https:\/\/remsecker-waldlauf.de\/wp-content\/uploads\/2022\/03\/274664410_513532530188626_3010560162282836201_n.jpg\" alt=\"\" class=\"wp-image-770\" srcset=\"https:\/\/remsecker-waldlauf.de\/wp-content\/uploads\/2022\/03\/274664410_513532530188626_3010560162282836201_n.jpg 1440w, https:\/\/remsecker-waldlauf.de\/wp-content\/uploads\/2022\/03\/274664410_513532530188626_3010560162282836201_n-300x226.jpg 300w, https:\/\/remsecker-waldlauf.de\/wp-content\/uploads\/2022\/03\/274664410_513532530188626_3010560162282836201_n-1024x770.jpg 1024w, https:\/\/remsecker-waldlauf.de\/wp-content\/uploads\/2022\/03\/274664410_513532530188626_3010560162282836201_n-768x578.jpg 768w, https:\/\/remsecker-waldlauf.de\/wp-content\/uploads\/2022\/03\/274664410_513532530188626_3010560162282836201_n-1x1.jpg 1w\" sizes=\"auto, (max-width: 1440px) 100vw, 1440px\" \/><\/figure>\n\n\n\n<figure class=\"wp-block-image size-large\"><img loading=\"lazy\" decoding=\"async\" width=\"1440\" height=\"1083\" data-id=\"768\" src=\"https:\/\/remsecker-waldlauf.de\/wp-content\/uploads\/2022\/03\/274739782_513532520188627_4269903719174749055_n.jpg\" alt=\"\" class=\"wp-image-768\" srcset=\"https:\/\/remsecker-waldlauf.de\/wp-content\/uploads\/2022\/03\/274739782_513532520188627_4269903719174749055_n.jpg 1440w, https:\/\/remsecker-waldlauf.de\/wp-content\/uploads\/2022\/03\/274739782_513532520188627_4269903719174749055_n-300x226.jpg 300w, https:\/\/remsecker-waldlauf.de\/wp-content\/uploads\/2022\/03\/274739782_513532520188627_4269903719174749055_n-1024x770.jpg 1024w, https:\/\/remsecker-waldlauf.de\/wp-content\/uploads\/2022\/03\/274739782_513532520188627_4269903719174749055_n-768x578.jpg 768w, https:\/\/remsecker-waldlauf.de\/wp-content\/uploads\/2022\/03\/274739782_513532520188627_4269903719174749055_n-1x1.jpg 1w\" sizes=\"auto, (max-width: 1440px) 100vw, 1440px\" \/><\/figure>\n\n\n\n<figure class=\"wp-block-image size-large\"><img loading=\"lazy\" decoding=\"async\" width=\"1440\" height=\"1080\" data-id=\"767\" src=\"https:\/\/remsecker-waldlauf.de\/wp-content\/uploads\/2022\/03\/274706983_513532536855292_3785844670230650187_n.jpg\" alt=\"\" class=\"wp-image-767\" srcset=\"https:\/\/remsecker-waldlauf.de\/wp-content\/uploads\/2022\/03\/274706983_513532536855292_3785844670230650187_n.jpg 1440w, https:\/\/remsecker-waldlauf.de\/wp-content\/uploads\/2022\/03\/274706983_513532536855292_3785844670230650187_n-300x225.jpg 300w, https:\/\/remsecker-waldlauf.de\/wp-content\/uploads\/2022\/03\/274706983_513532536855292_3785844670230650187_n-1024x768.jpg 1024w, https:\/\/remsecker-waldlauf.de\/wp-content\/uploads\/2022\/03\/274706983_513532536855292_3785844670230650187_n-768x576.jpg 768w, https:\/\/remsecker-waldlauf.de\/wp-content\/uploads\/2022\/03\/274706983_513532536855292_3785844670230650187_n-1x1.jpg 1w\" sizes=\"auto, (max-width: 1440px) 100vw, 1440px\" \/><\/figure>\n\n\n\n<figure class=\"wp-block-image size-large\"><img loading=\"lazy\" decoding=\"async\" width=\"1440\" height=\"1083\" data-id=\"766\" src=\"https:\/\/remsecker-waldlauf.de\/wp-content\/uploads\/2022\/03\/274594561_513532526855293_2730638954543937280_n.jpg\" alt=\"\" class=\"wp-image-766\" srcset=\"https:\/\/remsecker-waldlauf.de\/wp-content\/uploads\/2022\/03\/274594561_513532526855293_2730638954543937280_n.jpg 1440w, https:\/\/remsecker-waldlauf.de\/wp-content\/uploads\/2022\/03\/274594561_513532526855293_2730638954543937280_n-300x226.jpg 300w, https:\/\/remsecker-waldlauf.de\/wp-content\/uploads\/2022\/03\/274594561_513532526855293_2730638954543937280_n-1024x770.jpg 1024w, https:\/\/remsecker-waldlauf.de\/wp-content\/uploads\/2022\/03\/274594561_513532526855293_2730638954543937280_n-768x578.jpg 768w, https:\/\/remsecker-waldlauf.de\/wp-content\/uploads\/2022\/03\/274594561_513532526855293_2730638954543937280_n-1x1.jpg 1w\" sizes=\"auto, (max-width: 1440px) 100vw, 1440px\" \/><\/figure>\n\n\n\n<figure class=\"wp-block-image size-large\"><img loading=\"lazy\" decoding=\"async\" width=\"1440\" height=\"1083\" data-id=\"765\" src=\"https:\/\/remsecker-waldlauf.de\/wp-content\/uploads\/2022\/03\/274720649_513532523521960_5218308153932459396_n.jpg\" alt=\"\" class=\"wp-image-765\" srcset=\"https:\/\/remsecker-waldlauf.de\/wp-content\/uploads\/2022\/03\/274720649_513532523521960_5218308153932459396_n.jpg 1440w, https:\/\/remsecker-waldlauf.de\/wp-content\/uploads\/2022\/03\/274720649_513532523521960_5218308153932459396_n-300x226.jpg 300w, https:\/\/remsecker-waldlauf.de\/wp-content\/uploads\/2022\/03\/274720649_513532523521960_5218308153932459396_n-1024x770.jpg 1024w, https:\/\/remsecker-waldlauf.de\/wp-content\/uploads\/2022\/03\/274720649_513532523521960_5218308153932459396_n-768x578.jpg 768w, https:\/\/remsecker-waldlauf.de\/wp-content\/uploads\/2022\/03\/274720649_513532523521960_5218308153932459396_n-1x1.jpg 1w\" sizes=\"auto, (max-width: 1440px) 100vw, 1440px\" \/><\/figure>\n<\/figure>\n\n\n\n<hr class=\"wp-block-separator has-text-color has-background has-luminous-vivid-amber-background-color has-luminous-vivid-amber-color\"\/>\n\n\n\n<p><strong>#Wer h\u00e4tte das gedacht \u2026<\/strong><\/p>\n\n\n\n<p>Das Jahr 2021 neigt sich dem Ende zu \u2013 es hat sich in vielen Bereichen anders entwickelt, als prognostiziert oder erhofft. Die Pandemie ist nicht verschwunden und wir mussten Wege finden uns damit zu arrangieren. Seit Herbst mussten fast w\u00f6chentlich die Hygienekonzepte angepasst und \u00dcbungsleiter und Verantwortliche informiert werden. Die Begeisterung \u00fcber die \u00c4nderungen hielt sich bei vielen Mitgliedern oft in Grenzen, auch wenn sie sicherlich in einigen Bereichen sinnvoll waren.<\/p>\n\n\n\n<p>Dennoch blicken wir auf ein Jahr zur\u00fcck, in dem es uns mit Stolz erf\u00fcllt, was der Verein und seine Mitglieder geleistet und erreicht haben.<\/p>\n\n\n\n<p>Zus\u00e4tzlich zu den etablierten Abteilungen, gab es eine Vielzahl neuer Impulse im Verein. Die Abteilung Ski und Wandern wurde wieder ins Leben gerufen. Wanderungen und eine Skiausfahrt f\u00fcr 2022 wurden geplant.<\/p>\n\n\n\n<p>Auch das schauspielerische Talent kann im Rahmen der neugegr\u00fcndeten Theaterabteilung gezeigt werden.<\/p>\n\n\n\n<p>Was uns besonders freut: unsere S\u00e4nger haben in mehreren Gespr\u00e4chs- und Diskussionsrunden die Abteilung neu aufgestellt und einen kompletten Neustart gewagt. Wir sind gespannt, was uns hier noch alles erwartet.<\/p>\n\n\n\n<p>Auch im sportlichen Bereich hat sich der vereinsoffene Lauftreff zu einem festen Training mit viel Zuspruch etabliert. Selbst in der dunklen Jahreszeit und bei schlechtem Wetter treffen sich jeden Freitagabend viele begeisterte L\u00e4ufer zum gemeinsamen Training.<\/p>\n\n\n\n<p>Am 02.10.2021 fand der 1. Remsecker Waldlauf statt. Erst Ende Juni wurde beschlossen, dass wir versuchen, die Veranstaltung trotz Corona stattfinden zu lassen. Die Planungsphase und die Zeit zum Bewerben viel daher recht knapp aus.<\/p>\n\n\n\n<p>Pandemiebedingt wurde die Veranstaltung auf das N\u00f6tigste reduziert. Der Sport wurde in den Vordergrund gestellt.<\/p>\n\n\n\n<p>Unz\u00e4hlige Stunden wurden investiert, damit der Lauf ein Erfolg wird. Am Tag der Veranstaltung hatten wir knapp 70 Helfer im Einsatz. Ihnen ist es zu verdanken, dass die Veranstaltung ein voller Erfolg wurde. Das Strahlen der L\u00e4ufer beim Zieleinlauf war unbeschreiblich.<\/p>\n\n\n\n<p>Trotz der widrigen Umst\u00e4nde hat der Verein gezeigt, dass er lebt.<\/p>\n\n\n\n<p>Liebe Mitglieder, wir w\u00fcnschen euch besinnliche, frohe und gl\u00fcckliche Weihnachtstage und f\u00fcr das kommende Jahr Zufriedenheit, Frohsinn und Gesundheit!<\/p>\n\n\n\n<figure class=\"wp-block-image\"><img loading=\"lazy\" decoding=\"async\" width=\"1024\" height=\"575\" src=\"https:\/\/remsecker-waldlauf.de\/wp-content\/uploads\/2021\/12\/31144537-255C-461B-BAF3-189D8C12D0AC-1024x575.jpeg\" alt=\"\" class=\"wp-image-752\" srcset=\"https:\/\/remsecker-waldlauf.de\/wp-content\/uploads\/2021\/12\/31144537-255C-461B-BAF3-189D8C12D0AC-1024x575.jpeg 1024w, https:\/\/remsecker-waldlauf.de\/wp-content\/uploads\/2021\/12\/31144537-255C-461B-BAF3-189D8C12D0AC-300x169.jpeg 300w, https:\/\/remsecker-waldlauf.de\/wp-content\/uploads\/2021\/12\/31144537-255C-461B-BAF3-189D8C12D0AC-768x432.jpeg 768w, https:\/\/remsecker-waldlauf.de\/wp-content\/uploads\/2021\/12\/31144537-255C-461B-BAF3-189D8C12D0AC-1536x863.jpeg 1536w, https:\/\/remsecker-waldlauf.de\/wp-content\/uploads\/2021\/12\/31144537-255C-461B-BAF3-189D8C12D0AC-2x1.jpeg 2w, https:\/\/remsecker-waldlauf.de\/wp-content\/uploads\/2021\/12\/31144537-255C-461B-BAF3-189D8C12D0AC-700x394.jpeg 700w, https:\/\/remsecker-waldlauf.de\/wp-content\/uploads\/2021\/12\/31144537-255C-461B-BAF3-189D8C12D0AC.jpeg 1920w\" sizes=\"auto, (max-width: 1024px) 100vw, 1024px\" \/><\/figure>\n\n\n\n<hr class=\"wp-block-separator has-text-color has-background has-luminous-vivid-amber-background-color has-luminous-vivid-amber-color\"\/>\n\n\n\n<p><strong>#Unsere Lauftreffler erfolgreich beim Cross in Weinstadt<\/strong><\/p>\n\n\n\n<p>Am vergangenen Samstag (04.12.) war es endlich soweit. Unsere Lauftreffler durften wieder einen Wettkampf unter strengen Corona-Bedingungen bestreiten. Die Strecke ging f\u00fcr alle L\u00e4ufer\/L\u00e4uferinnen \u00fcber einen matschigen und h\u00fcgeligen Parcours. Das Wetter war mit leichtem Regen und k\u00fchlen Temperaturen ideal f\u00fcr einen Crosslauf. Alle L\u00e4ufer\/L\u00e4uferinnen hatten sichtlich Spa\u00df.<\/p>\n\n\n\n<p>Der 1. Startschuss f\u00fcr unsere Lauftreffler fiel um 11:55 Uhr f\u00fcr unseren Trainer Markus Mayer. Er lief die 1.800 m in 7:13,4 Min. und belegte den 1. Platz. Um 12:15 Uhr starteten Sina Zeller und Thomas B\u00fcrgstein. Hier rannte Sina Zeller von Beginn an mit einem idealen Schuhwerk \u2013 Fu\u00dfballschuhe mit Noppen! Sie lief die 4.200 m in 29:24,5 Min. und belegte den 2. Platz. Thomas B\u00fcrgstein hatte leider nicht so ein gro\u00dfartiges Schuhwerk zur Hand, lief jedoch trotz den harten Bedingungen auf den 3. Platz in 25:13,9 Min. Auch \u00fcber die Langstrecke mit 9.000 m konnten wir zwei Starter aufweisen. Sandra Sch\u00f6nherr startete hochmotiviert im neuen SGV Hochdorf Dress und musste leider nach knapp drei Runden mit einem verletzten Knie ausscheiden. Wir w\u00fcnschen ihr eine schnelle Genesung. Unser Routinier Hans Kroner lief ein super Rennen und teilte sich die Kr\u00e4fte gut ein. Er belegte mit 45:11,9 Min. den 2. Platz. Herzlichen Gl\u00fcckwunsch an alle L\u00e4uferinnen\/L\u00e4ufer.<\/p>\n\n\n\n<p>Allen L\u00e4uferinnen\/L\u00e4ufer hat es riesig Spa\u00df gemacht und freuen sich schon auf den n\u00e4chsten Wettkampf.<\/p>\n\n\n\n<figure class=\"wp-block-image\"><img loading=\"lazy\" decoding=\"async\" width=\"1024\" height=\"1024\" src=\"https:\/\/remsecker-waldlauf.de\/wp-content\/uploads\/2021\/12\/IMG_9056-1024x1024.jpeg\" alt=\"\" class=\"wp-image-747\" srcset=\"https:\/\/remsecker-waldlauf.de\/wp-content\/uploads\/2021\/12\/IMG_9056-1024x1024.jpeg 1024w, https:\/\/remsecker-waldlauf.de\/wp-content\/uploads\/2021\/12\/IMG_9056-300x300.jpeg 300w, https:\/\/remsecker-waldlauf.de\/wp-content\/uploads\/2021\/12\/IMG_9056-150x150.jpeg 150w, https:\/\/remsecker-waldlauf.de\/wp-content\/uploads\/2021\/12\/IMG_9056-768x768.jpeg 768w, https:\/\/remsecker-waldlauf.de\/wp-content\/uploads\/2021\/12\/IMG_9056-1536x1536.jpeg 1536w, https:\/\/remsecker-waldlauf.de\/wp-content\/uploads\/2021\/12\/IMG_9056-1x1.jpeg 1w, https:\/\/remsecker-waldlauf.de\/wp-content\/uploads\/2021\/12\/IMG_9056.jpeg 1800w\" sizes=\"auto, (max-width: 1024px) 100vw, 1024px\" \/><\/figure>\n\n\n\n<hr class=\"wp-block-separator has-text-color has-background has-luminous-vivid-amber-background-color has-luminous-vivid-amber-color\"\/>\n\n\n\n<p><strong>#Sch\u00f6ne Adventszeit<\/strong><\/p>\n\n\n\n<p>Wir w\u00fcnschen euch eine sch\u00f6ne Adventszeit. Bleibt gesund und passt auf euch auf.<\/p>\n\n\n\n<figure class=\"wp-block-image\"><img loading=\"lazy\" decoding=\"async\" width=\"1024\" height=\"683\" src=\"https:\/\/remsecker-waldlauf.de\/wp-content\/uploads\/2021\/11\/christmas-g460b659b4_1920-1024x683.jpg\" alt=\"\" class=\"wp-image-738\" srcset=\"https:\/\/remsecker-waldlauf.de\/wp-content\/uploads\/2021\/11\/christmas-g460b659b4_1920-1024x683.jpg 1024w, https:\/\/remsecker-waldlauf.de\/wp-content\/uploads\/2021\/11\/christmas-g460b659b4_1920-300x200.jpg 300w, https:\/\/remsecker-waldlauf.de\/wp-content\/uploads\/2021\/11\/christmas-g460b659b4_1920-768x512.jpg 768w, https:\/\/remsecker-waldlauf.de\/wp-content\/uploads\/2021\/11\/christmas-g460b659b4_1920-1536x1024.jpg 1536w, https:\/\/remsecker-waldlauf.de\/wp-content\/uploads\/2021\/11\/christmas-g460b659b4_1920-2x1.jpg 2w, https:\/\/remsecker-waldlauf.de\/wp-content\/uploads\/2021\/11\/christmas-g460b659b4_1920.jpg 1920w\" sizes=\"auto, (max-width: 1024px) 100vw, 1024px\" \/><\/figure>\n\n\n\n<hr class=\"wp-block-separator has-text-color has-background has-luminous-vivid-amber-background-color has-luminous-vivid-amber-color\"\/>\n\n\n\n<p><strong>#Laufshirt: Remsecker Waldlauf<\/strong><\/p>\n\n\n\n<p>Ihr wollt noch unser Remsecker Waldlauf-Shirt kaufen? So meldet euch einfach bei uns, wir schicken euch das Remsecker Waldlauf-Shirt nach Hause. Inklusive Versand f\u00fcr 13,50 Euro. Aktuell haben wir alle Kindergr\u00f6\u00dfen und die Gr. M\/XL!<\/p>\n\n\n\n<figure class=\"wp-block-image\"><img loading=\"lazy\" decoding=\"async\" width=\"1024\" height=\"896\" src=\"https:\/\/remsecker-waldlauf.de\/wp-content\/uploads\/2021\/07\/Gx5NSprM-1024x896.jpeg\" alt=\"\" class=\"wp-image-368\" srcset=\"https:\/\/remsecker-waldlauf.de\/wp-content\/uploads\/2021\/07\/Gx5NSprM-1024x896.jpeg 1024w, https:\/\/remsecker-waldlauf.de\/wp-content\/uploads\/2021\/07\/Gx5NSprM-300x263.jpeg 300w, https:\/\/remsecker-waldlauf.de\/wp-content\/uploads\/2021\/07\/Gx5NSprM-768x672.jpeg 768w, https:\/\/remsecker-waldlauf.de\/wp-content\/uploads\/2021\/07\/Gx5NSprM-1536x1344.jpeg 1536w, https:\/\/remsecker-waldlauf.de\/wp-content\/uploads\/2021\/07\/Gx5NSprM-2048x1792.jpeg 2048w, https:\/\/remsecker-waldlauf.de\/wp-content\/uploads\/2021\/07\/Gx5NSprM-1x1.jpeg 1w\" sizes=\"auto, (max-width: 1024px) 100vw, 1024px\" \/><\/figure>\n\n\n\n<hr class=\"wp-block-separator has-text-color has-background has-luminous-vivid-amber-background-color has-luminous-vivid-amber-color\"\/>\n\n\n\n<p><strong>#Lauftreff: Vorbereitungen auf den Crosslauf<\/strong><\/p>\n\n\n\n<p>Im letzten Training wurde ein neuer Teilnehmerrekord aufgestellt. Mit neuer Power haben wir uns aufgew\u00e4rmt und sind unsere neue 5 km-Runde gelaufen. Hierbei lief unser j\u00fcngster L\u00e4ufer eine schnelle Runde und konnte die 5 km-Runde mit der ersten Gruppe abschlie\u00dfen. In den n\u00e4chsten Trainings werden wir die ersten Vorbereitungen auf den Crosslauf in Weinstadt absolvieren. Es war wieder sch\u00f6n, wie wir alle mit unseren Stirnlampen die Stra\u00dfen von Bittenfeld und Hochdorf beleuchtet haben. Wir freuen uns auf weitere neue L\u00e4uferinnen\/L\u00e4ufer. Wir treffen uns freitags, 18:30 Uhr vor dem Eingang zum Hochdorfer Wald (Schlossstra\u00dfe 36). Meldet euch einfach unter lauftreff@remsecker-waldlauf.de kurz bei uns an. Wir freuen uns auf euch.<\/p>\n\n\n\n<hr class=\"wp-block-separator has-text-color has-background has-luminous-vivid-amber-background-color has-luminous-vivid-amber-color\"\/>\n\n\n\n<p><strong>#Neue Laufstrecke: Lauftreff Remsecker Waldlauf<\/strong><\/p>\n\n\n\n<p>Im letzten Training lief unser Lauftreff eine neue Laufstrecke Richtung Bittenfeld und wieder zur\u00fcck durch Hochdorf. Alle Laufgruppen absolvierten sofort die neue ca. 5 km lange Strecke. Es war sch\u00f6n, wie wir alle mit unseren Stirnlampen die Stra\u00dfen von Bittenfeld und Hochdorf beleuchtet haben. Wir freuen uns auf weitere neue L\u00e4uferinnen\/L\u00e4ufer. Wir treffen uns freitags, 18:30 Uhr vor dem Eingang zum Hochdorfer Wald (Schlossstra\u00dfe 36). Meldet euch einfach unter lauftreff@remsecker-waldlauf.de kurz bei uns an. Wir freuen uns auf euch.<\/p>\n\n\n\n<figure class=\"wp-block-image\"><img loading=\"lazy\" decoding=\"async\" width=\"1024\" height=\"768\" src=\"https:\/\/remsecker-waldlauf.de\/wp-content\/uploads\/2021\/10\/CD55AA29-2043-4080-AD51-B75F6654C838-1024x768.jpeg\" alt=\"\" class=\"wp-image-714\" srcset=\"https:\/\/remsecker-waldlauf.de\/wp-content\/uploads\/2021\/10\/CD55AA29-2043-4080-AD51-B75F6654C838-1024x768.jpeg 1024w, https:\/\/remsecker-waldlauf.de\/wp-content\/uploads\/2021\/10\/CD55AA29-2043-4080-AD51-B75F6654C838-300x225.jpeg 300w, https:\/\/remsecker-waldlauf.de\/wp-content\/uploads\/2021\/10\/CD55AA29-2043-4080-AD51-B75F6654C838-768x576.jpeg 768w, https:\/\/remsecker-waldlauf.de\/wp-content\/uploads\/2021\/10\/CD55AA29-2043-4080-AD51-B75F6654C838-1536x1152.jpeg 1536w, https:\/\/remsecker-waldlauf.de\/wp-content\/uploads\/2021\/10\/CD55AA29-2043-4080-AD51-B75F6654C838-1x1.jpeg 1w, https:\/\/remsecker-waldlauf.de\/wp-content\/uploads\/2021\/10\/CD55AA29-2043-4080-AD51-B75F6654C838.jpeg 1600w\" sizes=\"auto, (max-width: 1024px) 100vw, 1024px\" \/><\/figure>\n\n\n\n<hr class=\"wp-block-separator has-text-color has-background has-luminous-vivid-amber-background-color has-luminous-vivid-amber-color\"\/>\n\n\n\n<p>#<strong>Lauftreff goes Stirnlampe<\/strong><\/p>\n\n\n\n<p>Im letzten Training lief unser Lauftreff mit neuen Stirnlampen durch den Hochdorfer Wald. So konnten wir auch in der Dunkelheit unsere gewohnten Strecken absolvieren. Ein&nbsp;Dankesch\u00f6n geht an den SGV Hochdorf f\u00fcr die helle Unterst\u00fctzung. Im kommenden Training werden wir neue Strecken in Angriff nehmen und unsere Laufumgebung erkunden.&nbsp;Wir freuen uns auf weitere neue L\u00e4uferinnen\/L\u00e4ufer. Wir treffen uns freitags, 18:30&nbsp;Uhr vor dem Eingang zum Hochdorfer Wald (Schlossstra\u00dfe 36). Meldet euch einfach unter lauftreff@remsecker-waldlauf.de kurz bei uns an. Wir freuen uns auf euch.<\/p>\n\n\n\n<figure class=\"wp-block-image\"><img loading=\"lazy\" decoding=\"async\" width=\"1024\" height=\"1024\" src=\"https:\/\/remsecker-waldlauf.de\/wp-content\/uploads\/2021\/10\/04dd0a9b-0a54-42d1-bbd6-24eee42dc775-1024x1024.jpg\" alt=\"\" class=\"wp-image-711\" srcset=\"https:\/\/remsecker-waldlauf.de\/wp-content\/uploads\/2021\/10\/04dd0a9b-0a54-42d1-bbd6-24eee42dc775.jpg 1024w, https:\/\/remsecker-waldlauf.de\/wp-content\/uploads\/2021\/10\/04dd0a9b-0a54-42d1-bbd6-24eee42dc775-300x300.jpg 300w, https:\/\/remsecker-waldlauf.de\/wp-content\/uploads\/2021\/10\/04dd0a9b-0a54-42d1-bbd6-24eee42dc775-150x150.jpg 150w, https:\/\/remsecker-waldlauf.de\/wp-content\/uploads\/2021\/10\/04dd0a9b-0a54-42d1-bbd6-24eee42dc775-768x768.jpg 768w, https:\/\/remsecker-waldlauf.de\/wp-content\/uploads\/2021\/10\/04dd0a9b-0a54-42d1-bbd6-24eee42dc775-1x1.jpg 1w\" sizes=\"auto, (max-width: 1024px) 100vw, 1024px\" \/><\/figure>\n\n\n\n<hr class=\"wp-block-separator has-text-color has-background has-luminous-vivid-amber-background-color has-luminous-vivid-amber-color\"\/>\n\n\n\n<p>#<strong>Remsecker Waldlauf: DANKE<\/strong><\/p>\n\n\n\n<p>Liebe Hochdorferinnen, liebe Hochdorfer,<\/p>\n\n\n\n<p>liebe Remseckerinnen, liebe Remsecker,<\/p>\n\n\n\n<p>am 02.10.2021 hat der 1. Remsecker Waldlauf in Hochdorf stattgefunden. 475 L\u00e4uferinnen und L\u00e4ufer haben sich in sechs L\u00e4ufen zwischen 500 m und 5.000 m dem sportlichen Wettkampf gestellt. Eine Vielzahl von Zuschauern begleitete die Sportler und feuerten diese lautstark an der Strecke entlang an. Wir waren \u00fcberrascht und \u00fcberw\u00e4ltigt von der hohen Anzahl von Teilnehmern f\u00fcr die sechs L\u00e4ufe durch den Hochdorfer Wald.<\/p>\n\n\n\n<p>Um eine st\u00f6rungsfreie Veranstaltung rund um den Start-\/Zielbereich zu gew\u00e4hrleisten, mussten wir im Vorfeld&nbsp;kurzfristig weitere Stra\u00dfen sperren. Uns war es jedoch wichtig, dass die Stra\u00dfen f\u00fcr die Anwohner jederzeit frei waren. Ein ganz herzliches Dankesch\u00f6n m\u00f6chten wir an dieser Stelle nochmals an Herrn Nussbaum f\u00fcr sein Verst\u00e4ndnis f\u00fcr unsere Veranstaltung richten.<\/p>\n\n\n\n<p>Eine Veranstaltung in dieser Gr\u00f6\u00dfenordnung ist nur durch eine Vielzahl von Unterst\u00fctzern und Sponsoren m\u00f6glich.<strong>&nbsp;<\/strong>Unser&nbsp;<strong>Hauptsponsor die Volksbank Remseck eG<\/strong>, gefolgt von den&nbsp;<strong>Premium-Lauf-Sponsoren AOK Baden-W\u00fcrttemberg<\/strong>,<strong>&nbsp;Connectronic GmbH &amp; Co. KG<\/strong>,<strong>&nbsp;V\/i\/t Physio Tobias Durlach &amp; Team<\/strong>,<strong>&nbsp;Hennemann Elektrotechnik<\/strong>,<strong>&nbsp;Seitel Malerwerkst\u00e4tte GmbH<\/strong>&nbsp;und&nbsp;<strong>Bauideen21<\/strong>.&nbsp;Last but not least unsere sechs<strong>&nbsp;Komfort-Sponsoren Alfred K\u00e4rcher SE &amp; Co.&nbsp;KG<\/strong>,&nbsp;<strong>Flachs Bauunternehmung<\/strong>,&nbsp;<strong>Karosseriebau \u00dcbelh\u00f6r<\/strong>,&nbsp;<strong>Lorenz &amp; Krautt Holzbau + Zimmerei<\/strong>,&nbsp;<strong>Noller Futtermittelhandel GmbH &amp; Co. KG&nbsp;<\/strong>und&nbsp;<strong>Walter Baugesch\u00e4ft Beton-Bohr-S\u00e4getechnik<\/strong>. All diese Unternehmen haben uns sowohl finanziell als auch mit Dienstleistungen und Know-how unterst\u00fctzt. Besonders haben wir uns dar\u00fcber gefreut, dass die Sponsoren teilweise eigene L\u00e4ufer-Teams angemeldet haben.<strong>&nbsp;Ein besonderer Dank gilt Klaus Eppinger von Eppinger Erdbau &amp; Agrar mit seinen flei\u00dfigen Helfern, die uns schnell und unb\u00fcrokratisch aus der Patsche geholfen haben.<\/strong><\/p>\n\n\n\n<p>Auf der anderen Seite hatten wir an die&nbsp;<strong>70 Helfer aus dem Verein und dessen Umfeld<\/strong><strong>&nbsp;sowie weitere Freiwillige aus Remseck und Umgebung<\/strong>, die unz\u00e4hlige Stunden ihrer Freizeit f\u00fcr unsere Veranstaltung geopfert haben. Eure Leistung hat uns zutiefst beeindruckt \u2013 ihr seid der Grund, warum alles so reibungslos ablief! Wir sind sehr stolz, dass ihr ein Teil des Laufes wart.<\/p>\n\n\n\n<p>Das&nbsp;<strong>DRK Ortsverein Neckargr\u00f6ningen<\/strong>&nbsp;hat die sanit\u00e4tsdienstliche Absicherung \u00fcbernommen. Die Sportler wurden w\u00e4hrend der L\u00e4ufe von einer DRK-Fahrradstaffel begleitet, um auch auf den schmalsten Pf\u00e4den sofort vor Ort sein zu k\u00f6nnen. Sowas sieht man nicht alle Tage!<\/p>\n\n\n\n<p>Der \u00fcberregional bekannte&nbsp;<strong>Sportmoderator Achim Seiter<\/strong>&nbsp;hat f\u00fcr prima Stimmung gesorgt und unterhaltsam durch den Tag gef\u00fchrt. Ohne Achim w\u00e4re der Tag nur halb so gut gewesen. Vielen Dank auch an sein Zeitmess-Team, welches ruhig und z\u00fcgig die Ergebnisse\/Urkunden erstellt haben.<\/p>\n\n\n\n<p>Einen gro\u00dfen Anteil am Gelingen des 1. Remsecker Waldlaufes hatte auch die&nbsp;<strong>Stadtverwaltung Remseck am Neckar,<\/strong>&nbsp;ganze vorneweg unser Schirmherr&nbsp;<strong>Oberb\u00fcrgermeister Dirk Sch\u00f6nberger<\/strong>&nbsp;und der&nbsp;<strong>Erste B\u00fcrgermeister Jo Triller<\/strong>. Fragen und Probleme wurde in schnellster Zeit beantwortet und konnten gel\u00f6st werden. Mit den Startnummern 1 und 2 haben sie mit ihrem Team der Stadtverwaltung am Lauf teilgenommen. Die Zusammenarbeit mit den einzelnen&nbsp;<strong>Fachgruppen Kultur Sport Soziales<\/strong>,&nbsp;<strong>Ordnungsverwaltung<\/strong>,&nbsp;<strong>Stra\u00dfenverkehr&nbsp;<\/strong>und&nbsp;<strong>Technische Dienste<\/strong>&nbsp;lief absolut reibungslos. Auch hierf\u00fcr ein dickes Lob und ein herzliches Dankesch\u00f6n.<\/p>\n\n\n\n<p>Sie alle haben dazu beigetragen, dass der 1. Remsecker Waldlauf in dieser Form stattfinden konnte und wir hoffen, dass wir 2022 dieses Event wiederholen k\u00f6nnen!&nbsp;<strong>Laufen macht gl\u00fccklich!<\/strong><\/p>\n\n\n\n<p>Euer Orga-Team vom 1. Remsecker Waldlauf<\/p>\n\n\n\n<figure class=\"wp-block-image\"><img loading=\"lazy\" decoding=\"async\" width=\"141\" height=\"141\" src=\"https:\/\/remsecker-waldlauf.de\/wp-content\/uploads\/2020\/02\/RemseckerWaldlauf_RGB_klein.png\" alt=\"\" class=\"wp-image-243\" srcset=\"https:\/\/remsecker-waldlauf.de\/wp-content\/uploads\/2020\/02\/RemseckerWaldlauf_RGB_klein.png 141w, https:\/\/remsecker-waldlauf.de\/wp-content\/uploads\/2020\/02\/RemseckerWaldlauf_RGB_klein-1x1.png 1w\" sizes=\"auto, (max-width: 141px) 100vw, 141px\" \/><\/figure>\n\n\n\n<hr class=\"wp-block-separator has-text-color has-background has-luminous-vivid-amber-background-color has-luminous-vivid-amber-color\"\/>\n\n\n\n<p>Wir freuen uns euch zum&nbsp;<strong>1. Remsecker Waldlauf am 02.10.2021<\/strong>&nbsp;begr\u00fc\u00dfen zu d\u00fcrfen.&nbsp;<strong>Anmeldungen sind nun geschlossen. Wir sind \u00fcberw\u00e4ltigt \u00fcber die Anzahl der Anmeldungen.&nbsp;<\/strong>Vielen Dank f\u00fcr eure Unterst\u00fctzung.<strong><\/strong><\/p>\n\n\n\n<p>Unser Hygienekonzept f\u00fcr den 1. Remsecker Waldlauf findet ihr auf unsere Seite unter der Rubrik&nbsp;<strong>Hygienekonzept<\/strong>. Bitte lest euch dieses aufmerksam durch, damit der Lauf f\u00fcr euch ein voller Erfolg wird.<\/p>\n\n\n\n<p>Einen&nbsp;<strong>Lageplan<\/strong>&nbsp;haben wir f\u00fcr euch ebenfalls erstellt, damit ihr die Startnummernausgabe und den Start-\/Zielbereich mit Verpflegung schnell findet.<\/p>\n\n\n\n<p>Am&nbsp;<strong>01.10.2021 ist kein Lauftrefftraining<\/strong>. Ab dem 08.10.2021 trainiert unser Lauftreff bereits f\u00fcr den 2. Remsecker Waldlauf. Schaut einfach vorbei und schaut euch die Strecke an. Meldet euch vorab einfach unter&nbsp;<strong>lauftreff@remsecker-waldlauf.de<\/strong>&nbsp;an.<\/p>\n\n\n\n<p>Bleibt gesund und wir sehen uns am 02.10.2021!<\/p>\n\n\n\n<figure class=\"wp-block-image\"><img loading=\"lazy\" decoding=\"async\" width=\"141\" height=\"141\" src=\"https:\/\/remsecker-waldlauf.de\/wp-content\/uploads\/2020\/02\/RemseckerWaldlauf_RGB_klein.png\" alt=\"\" class=\"wp-image-243\" srcset=\"https:\/\/remsecker-waldlauf.de\/wp-content\/uploads\/2020\/02\/RemseckerWaldlauf_RGB_klein.png 141w, https:\/\/remsecker-waldlauf.de\/wp-content\/uploads\/2020\/02\/RemseckerWaldlauf_RGB_klein-1x1.png 1w\" sizes=\"auto, (max-width: 141px) 100vw, 141px\" \/><\/figure>\n\n\n\n<hr class=\"wp-block-separator has-text-color has-background has-luminous-vivid-amber-background-color has-luminous-vivid-amber-color\"\/>\n\n\n\n<p><strong>#Wichtige&nbsp;<\/strong>I<strong>nformationen zum 1. Remsecker Waldlauf in Remseck-Hochdorf<\/strong><\/p>\n\n\n\n<p>Liebe L\u00e4uferinnen und L\u00e4ufer,<\/p>\n\n\n\n<p>wir sind \u00fcberw\u00e4ltigt von der Anzahl an Anmeldungen \u2013 daf\u00fcr ein herzliches Dankesch\u00f6n!<\/p>\n\n\n\n<p>In zwei Tagen ist es so weit und wir freuen uns euch zum 1. Remsecker Waldlauf begr\u00fc\u00dfen zu d\u00fcrfen. Damit die Laufveranstaltung f\u00fcr euch und die Zuschauer ein voller Erfolg wird, m\u00f6chten wir euch noch vier wichtige Punkte mit auf den Weg geben:<\/p>\n\n\n\n<p>1. Lest euch unser Hygienekonzept aufmerksam durch. F\u00fcr den 1. Remsecker Waldlauf gelten die 3Gs. Bringt hierf\u00fcr im Idealfall eure Zertifikate auf dem Handy mit, damit wir diese schnell und z\u00fcgig bei der Startnummernausgabe (Schulweg 22, Remseck-Hochdorf) pr\u00fcfen k\u00f6nnen. Hier der Link zum Hygienekonzept:&nbsp;<a rel=\"noreferrer noopener\" href=\"https:\/\/deref-1und1.de\/mail\/client\/Wz-9_dvOIAU\/dereferrer\/?redirectUrl=https%3A%2F%2Fremsecker-waldlauf.de%2F%3Fpage_id%3D482\" target=\"_blank\">https:\/\/remsecker-waldlauf.de\/?page_id=482<\/a><\/p>\n\n\n\n<p>2. Eure Startnummern k\u00f6nnt ihr am Samstag, den 02.10.2021 ab 9 Uhr abholen. Des Weiteren bieten wir euch die Abholung der Startnummern auch am Freitag, den 01.10.2021 von 17 bis 19 Uhr an. Beide Abholzeitr\u00e4ume sind bei der Grundschule im Schulweg 22 in Remseck-Hochdorf. Abholung der Startnummern erfolgt durch Vorlage vom Personalausweis und dem 3G Nachweis. F\u00fcr Sammelabholer am Freitag, den 01.10.2021 muss die 3G Registrierung der einzelnen Personen, welche nicht anwesend sind, am Samstag, den 02.10.2021 erfolgen.&nbsp;<\/p>\n\n\n\n<p>3. Bitte reist nach M\u00f6glichkeit mit den \u00f6ffentlichen Verkehrsmitteln an. Wir haben eine begrenzte Anzahl an Parkpl\u00e4tzen f\u00fcr euch bei der Gemeindehalle in Remseck-Hochdorf, Kirchenweinbergweg 10. Bitte fahrt nicht mit den Autos in den Start-\/Zielbereich, denn dieser wird voraussichtlich nur f\u00fcr Anwohner freigegeben. Deshalb empfiehlt sich die Anreise im Bereich der Gemeindehalle. Siehe hierzu den Lageplan und die eingezeichneten Parkpl\u00e4tze auf unserer Webseite:&nbsp;<a rel=\"noreferrer noopener\" href=\"https:\/\/deref-1und1.de\/mail\/client\/mWCJb662irE\/dereferrer\/?redirectUrl=https%3A%2F%2Fremsecker-waldlauf.de%2F%3Fpage_id%3D483\" target=\"_blank\">https:\/\/remsecker-waldlauf.de\/?page_id=483<\/a><\/p>\n\n\n\n<p>4. Die aktuellen Startzeiten der L\u00e4ufe entnehmt ihr auf unserer Webseite unter der Rubrik L\u00e4ufe:&nbsp;<a rel=\"noreferrer noopener\" href=\"https:\/\/deref-1und1.de\/mail\/client\/GZSLTZNxRZU\/dereferrer\/?redirectUrl=https%3A%2F%2Fremsecker-waldlauf.de%2F%3Fpage_id%3D22\" target=\"_blank\">https:\/\/remsecker-waldlauf.de\/?page_id=22<\/a><\/p>\n\n\n\n<p>Bitte checkt noch einmal eure Anmeldedaten. Sofern hier etwas nicht passt, meldet euch einfach bei&nbsp;<a rel=\"noreferrer noopener\" href=\"mailto:anmeldung@remsecker-waldlauf.de\" target=\"_blank\">anmeldung@remsecker-waldlauf.de<\/a>.<\/p>\n\n\n\n<p>Aktuelle \u00c4nderungen entnehmt ihr auf unserer Webseite&nbsp;<a rel=\"noreferrer noopener\" href=\"https:\/\/deref-1und1.de\/mail\/client\/2JtBF3r-CRg\/dereferrer\/?redirectUrl=https%3A%2F%2Fwww.remsecker-waldlauf.de\" target=\"_blank\">https:\/\/www.remsecker-waldlauf.de<\/a>.<\/p>\n\n\n\n<p>Sofern ihr weitere Fragen habt, so meldet euch per E-Mail&nbsp;<a rel=\"noreferrer noopener\" href=\"mailto:info@remsecker-waldlauf.de\" target=\"_blank\">info@remsecker-waldlauf.de<\/a>.&nbsp;<\/p>\n\n\n\n<p>Wir w\u00fcnschen euch eine gute Anreise und eine sch\u00f6ne Laufveranstaltung bei uns in Remseck-Hochdorf.<br>Euer Remsecker Waldlauf Orga-Team<\/p>\n\n\n\n<p>P.S.: Falls ihr einen weiteren Lauf in der N\u00e4he sucht, so k\u00f6nnen wir auch den Bottwartal-Marathon am 17.10.2021 empfehlen. Es werden 10 km, 21,1 km und 42,2 km angeboten. Ihr k\u00f6nnt euch noch bis zum 30.09.2021 unter&nbsp;<a rel=\"noreferrer noopener\" href=\"https:\/\/deref-1und1.de\/mail\/client\/CgQLTLtusIE\/dereferrer\/?redirectUrl=https%3A%2F%2Fwww.bottwartal-marathon.de%2F\" target=\"_blank\">https:\/\/www.bottwartal-marathon.de\/<\/a>&nbsp;anmelden.<\/p>\n\n\n\n<hr class=\"wp-block-separator has-text-color has-background has-luminous-vivid-amber-background-color has-luminous-vivid-amber-color\"\/>\n\n\n\n<p><strong>#Vorfreude: Beschilderung der Strecke<\/strong><\/p>\n\n\n\n<p>Heute haben wir mit der Beschilderung der Laufstrecke durch den Hochdorfer Wald begonnen. Die Vorbereitungen laufen auf Hochtouren!<\/p>\n\n\n\n<figure class=\"wp-block-image\"><img loading=\"lazy\" decoding=\"async\" width=\"720\" height=\"960\" src=\"https:\/\/remsecker-waldlauf.de\/wp-content\/uploads\/2021\/09\/Streckenschild.jpg\" alt=\"\" class=\"wp-image-515\" srcset=\"https:\/\/remsecker-waldlauf.de\/wp-content\/uploads\/2021\/09\/Streckenschild.jpg 720w, https:\/\/remsecker-waldlauf.de\/wp-content\/uploads\/2021\/09\/Streckenschild-225x300.jpg 225w, https:\/\/remsecker-waldlauf.de\/wp-content\/uploads\/2021\/09\/Streckenschild-1x1.jpg 1w\" sizes=\"auto, (max-width: 720px) 100vw, 720px\" \/><figcaption>Beachtet unsere Hinweisschilder auf der Strecke \u2013 vielen Dank!<\/figcaption><\/figure>\n\n\n\n<hr class=\"wp-block-separator has-text-color has-background has-luminous-vivid-amber-background-color has-luminous-vivid-amber-color\"\/>\n\n\n\n<p><strong>#10. Training f\u00fcr den 1. Remsecker Waldlauf erfolgreich<\/strong><\/p>\n\n\n\n<p>Am vergangenen Freitag haben wir unser 10.&nbsp;Training f\u00fcr den Remsecker Waldlauf durchgef\u00fchrt. Diesmal&nbsp;liefen wieder neue L\u00e4uferinnen\/L\u00e4ufer mit. Am 01.10.2021 f\u00e4llt unser Lauftreff Training aus. Am 02.10.2021 ist ja bereits der 1. Remsecker Waldlauf. Das n\u00e4chste Lauftreff Training f\u00fcr den 2. Remsecker Waldlauf beginnt bereits am 08.10.2021. Wir treffen uns freitags, 18:30&nbsp;Uhr vor dem Eingang zum Hochdorfer Wald (Schlo\u00dfstra\u00dfe 36). Meldet euch einfach unter lauftreff@remsecker-waldlauf.de kurz bei uns an. Wir freuen uns auf euch.<\/p>\n\n\n\n<hr class=\"wp-block-separator has-text-color has-background has-luminous-vivid-amber-background-color has-luminous-vivid-amber-color\"\/>\n\n\n\n<figure class=\"wp-block-image\"><img loading=\"lazy\" decoding=\"async\" width=\"726\" height=\"1024\" src=\"https:\/\/remsecker-waldlauf.de\/wp-content\/uploads\/2021\/09\/Plakat-Meldefrist-726x1024.jpeg\" alt=\"\" class=\"wp-image-477\" srcset=\"https:\/\/remsecker-waldlauf.de\/wp-content\/uploads\/2021\/09\/Plakat-Meldefrist-726x1024.jpeg 726w, https:\/\/remsecker-waldlauf.de\/wp-content\/uploads\/2021\/09\/Plakat-Meldefrist-213x300.jpeg 213w, https:\/\/remsecker-waldlauf.de\/wp-content\/uploads\/2021\/09\/Plakat-Meldefrist-768x1083.jpeg 768w, https:\/\/remsecker-waldlauf.de\/wp-content\/uploads\/2021\/09\/Plakat-Meldefrist-1090x1536.jpeg 1090w, https:\/\/remsecker-waldlauf.de\/wp-content\/uploads\/2021\/09\/Plakat-Meldefrist-1x1.jpeg 1w, https:\/\/remsecker-waldlauf.de\/wp-content\/uploads\/2021\/09\/Plakat-Meldefrist.jpeg 1135w\" sizes=\"auto, (max-width: 726px) 100vw, 726px\" \/><figcaption>Die Meldefrist ist nun leider verstrichen \u2026<br><a href=\"https:\/\/www.facebook.com\/hashtag\/jetzt?__eep__=6&amp;__cft__[0]=AZUuD7C6C2P63AyzumbQIH3QHABpM9CpkwpXWALII-vs4Ue7wGEijtuYOfpZLEyGvFb5aHCV5n6Z8rPFOoe1uIutMD4Gl_McR3CN3b_2B-WbmIIKQ7KGKi-dIbmm-ivDLETLSs0AHAwXXSLosILV9yQCTsD5sa0lIOcAGqhAdoUnNf2ksF9_g3o_4TokeI6jNZW6c8O0xoWVtCUxhco5Zj2MUg-ZsZON4_8txmZGdEXwMg&amp;__tn__=*NK-R\">#jetzt<\/a>&nbsp;<a href=\"https:\/\/www.facebook.com\/hashtag\/anmelden?__eep__=6&amp;__cft__[0]=AZUuD7C6C2P63AyzumbQIH3QHABpM9CpkwpXWALII-vs4Ue7wGEijtuYOfpZLEyGvFb5aHCV5n6Z8rPFOoe1uIutMD4Gl_McR3CN3b_2B-WbmIIKQ7KGKi-dIbmm-ivDLETLSs0AHAwXXSLosILV9yQCTsD5sa0lIOcAGqhAdoUnNf2ksF9_g3o_4TokeI6jNZW6c8O0xoWVtCUxhco5Zj2MUg-ZsZON4_8txmZGdEXwMg&amp;__tn__=*NK-R\">#anmelden<\/a>&nbsp;<a href=\"https:\/\/www.facebook.com\/hashtag\/die?__eep__=6&amp;__cft__[0]=AZUuD7C6C2P63AyzumbQIH3QHABpM9CpkwpXWALII-vs4Ue7wGEijtuYOfpZLEyGvFb5aHCV5n6Z8rPFOoe1uIutMD4Gl_McR3CN3b_2B-WbmIIKQ7KGKi-dIbmm-ivDLETLSs0AHAwXXSLosILV9yQCTsD5sa0lIOcAGqhAdoUnNf2ksF9_g3o_4TokeI6jNZW6c8O0xoWVtCUxhco5Zj2MUg-ZsZON4_8txmZGdEXwMg&amp;__tn__=*NK-R\">#die<\/a>&nbsp;<a href=\"https:\/\/www.facebook.com\/hashtag\/zeit?__eep__=6&amp;__cft__[0]=AZUuD7C6C2P63AyzumbQIH3QHABpM9CpkwpXWALII-vs4Ue7wGEijtuYOfpZLEyGvFb5aHCV5n6Z8rPFOoe1uIutMD4Gl_McR3CN3b_2B-WbmIIKQ7KGKi-dIbmm-ivDLETLSs0AHAwXXSLosILV9yQCTsD5sa0lIOcAGqhAdoUnNf2ksF9_g3o_4TokeI6jNZW6c8O0xoWVtCUxhco5Zj2MUg-ZsZON4_8txmZGdEXwMg&amp;__tn__=*NK-R\">#zeit<\/a>&nbsp;<a href=\"https:\/\/www.facebook.com\/hashtag\/rennt?__eep__=6&amp;__cft__[0]=AZUuD7C6C2P63AyzumbQIH3QHABpM9CpkwpXWALII-vs4Ue7wGEijtuYOfpZLEyGvFb5aHCV5n6Z8rPFOoe1uIutMD4Gl_McR3CN3b_2B-WbmIIKQ7KGKi-dIbmm-ivDLETLSs0AHAwXXSLosILV9yQCTsD5sa0lIOcAGqhAdoUnNf2ksF9_g3o_4TokeI6jNZW6c8O0xoWVtCUxhco5Zj2MUg-ZsZON4_8txmZGdEXwMg&amp;__tn__=*NK-R\">#rennt<\/a>&nbsp;<a href=\"https:\/\/www.facebook.com\/hashtag\/remseckerwaldlauf?__eep__=6&amp;__cft__[0]=AZUuD7C6C2P63AyzumbQIH3QHABpM9CpkwpXWALII-vs4Ue7wGEijtuYOfpZLEyGvFb5aHCV5n6Z8rPFOoe1uIutMD4Gl_McR3CN3b_2B-WbmIIKQ7KGKi-dIbmm-ivDLETLSs0AHAwXXSLosILV9yQCTsD5sa0lIOcAGqhAdoUnNf2ksF9_g3o_4TokeI6jNZW6c8O0xoWVtCUxhco5Zj2MUg-ZsZON4_8txmZGdEXwMg&amp;__tn__=*NK-R\">#remseckerwaldlauf<\/a>&nbsp;<a href=\"https:\/\/www.facebook.com\/hashtag\/remseck?__eep__=6&amp;__cft__[0]=AZUuD7C6C2P63AyzumbQIH3QHABpM9CpkwpXWALII-vs4Ue7wGEijtuYOfpZLEyGvFb5aHCV5n6Z8rPFOoe1uIutMD4Gl_McR3CN3b_2B-WbmIIKQ7KGKi-dIbmm-ivDLETLSs0AHAwXXSLosILV9yQCTsD5sa0lIOcAGqhAdoUnNf2ksF9_g3o_4TokeI6jNZW6c8O0xoWVtCUxhco5Zj2MUg-ZsZON4_8txmZGdEXwMg&amp;__tn__=*NK-R\">#remseck<\/a>&nbsp;<a href=\"https:\/\/www.facebook.com\/hashtag\/remseckamneckar?__eep__=6&amp;__cft__[0]=AZUuD7C6C2P63AyzumbQIH3QHABpM9CpkwpXWALII-vs4Ue7wGEijtuYOfpZLEyGvFb5aHCV5n6Z8rPFOoe1uIutMD4Gl_McR3CN3b_2B-WbmIIKQ7KGKi-dIbmm-ivDLETLSs0AHAwXXSLosILV9yQCTsD5sa0lIOcAGqhAdoUnNf2ksF9_g3o_4TokeI6jNZW6c8O0xoWVtCUxhco5Zj2MUg-ZsZON4_8txmZGdEXwMg&amp;__tn__=*NK-R\">#remseckamneckar<\/a>&nbsp;<a href=\"https:\/\/www.facebook.com\/hashtag\/sgvhochdorf?__eep__=6&amp;__cft__[0]=AZUuD7C6C2P63AyzumbQIH3QHABpM9CpkwpXWALII-vs4Ue7wGEijtuYOfpZLEyGvFb5aHCV5n6Z8rPFOoe1uIutMD4Gl_McR3CN3b_2B-WbmIIKQ7KGKi-dIbmm-ivDLETLSs0AHAwXXSLosILV9yQCTsD5sa0lIOcAGqhAdoUnNf2ksF9_g3o_4TokeI6jNZW6c8O0xoWVtCUxhco5Zj2MUg-ZsZON4_8txmZGdEXwMg&amp;__tn__=*NK-R\">#sgvhochdorf<\/a>&nbsp;<a href=\"https:\/\/www.facebook.com\/hashtag\/waldlauf?__eep__=6&amp;__cft__[0]=AZUuD7C6C2P63AyzumbQIH3QHABpM9CpkwpXWALII-vs4Ue7wGEijtuYOfpZLEyGvFb5aHCV5n6Z8rPFOoe1uIutMD4Gl_McR3CN3b_2B-WbmIIKQ7KGKi-dIbmm-ivDLETLSs0AHAwXXSLosILV9yQCTsD5sa0lIOcAGqhAdoUnNf2ksF9_g3o_4TokeI6jNZW6c8O0xoWVtCUxhco5Zj2MUg-ZsZON4_8txmZGdEXwMg&amp;__tn__=*NK-R\">#waldlauf<\/a>&nbsp;<a href=\"https:\/\/www.facebook.com\/hashtag\/laufen?__eep__=6&amp;__cft__[0]=AZUuD7C6C2P63AyzumbQIH3QHABpM9CpkwpXWALII-vs4Ue7wGEijtuYOfpZLEyGvFb5aHCV5n6Z8rPFOoe1uIutMD4Gl_McR3CN3b_2B-WbmIIKQ7KGKi-dIbmm-ivDLETLSs0AHAwXXSLosILV9yQCTsD5sa0lIOcAGqhAdoUnNf2ksF9_g3o_4TokeI6jNZW6c8O0xoWVtCUxhco5Zj2MUg-ZsZON4_8txmZGdEXwMg&amp;__tn__=*NK-R\">#laufen<\/a>&nbsp;<a href=\"https:\/\/www.facebook.com\/hashtag\/running?__eep__=6&amp;__cft__[0]=AZUuD7C6C2P63AyzumbQIH3QHABpM9CpkwpXWALII-vs4Ue7wGEijtuYOfpZLEyGvFb5aHCV5n6Z8rPFOoe1uIutMD4Gl_McR3CN3b_2B-WbmIIKQ7KGKi-dIbmm-ivDLETLSs0AHAwXXSLosILV9yQCTsD5sa0lIOcAGqhAdoUnNf2ksF9_g3o_4TokeI6jNZW6c8O0xoWVtCUxhco5Zj2MUg-ZsZON4_8txmZGdEXwMg&amp;__tn__=*NK-R\">#running<\/a><\/figcaption><\/figure>\n\n\n\n<hr class=\"wp-block-separator has-text-color has-background has-luminous-vivid-amber-background-color has-luminous-vivid-amber-color\"\/>\n\n\n\n<figure class=\"wp-block-image\"><img loading=\"lazy\" decoding=\"async\" width=\"816\" height=\"1024\" src=\"https:\/\/remsecker-waldlauf.de\/wp-content\/uploads\/2021\/09\/5EF49EEC-8A70-4676-BF91-6363623F62C4-816x1024.jpeg\" alt=\"\" class=\"wp-image-474\" srcset=\"https:\/\/remsecker-waldlauf.de\/wp-content\/uploads\/2021\/09\/5EF49EEC-8A70-4676-BF91-6363623F62C4-816x1024.jpeg 816w, https:\/\/remsecker-waldlauf.de\/wp-content\/uploads\/2021\/09\/5EF49EEC-8A70-4676-BF91-6363623F62C4-239x300.jpeg 239w, https:\/\/remsecker-waldlauf.de\/wp-content\/uploads\/2021\/09\/5EF49EEC-8A70-4676-BF91-6363623F62C4-768x964.jpeg 768w, https:\/\/remsecker-waldlauf.de\/wp-content\/uploads\/2021\/09\/5EF49EEC-8A70-4676-BF91-6363623F62C4-1x1.jpeg 1w, https:\/\/remsecker-waldlauf.de\/wp-content\/uploads\/2021\/09\/5EF49EEC-8A70-4676-BF91-6363623F62C4.jpeg 828w\" sizes=\"auto, (max-width: 816px) 100vw, 816px\" \/><\/figure>\n\n\n\n<hr class=\"wp-block-separator has-text-color has-background has-luminous-vivid-amber-background-color has-luminous-vivid-amber-color\"\/>\n\n\n\n<figure class=\"wp-block-image\"><img loading=\"lazy\" decoding=\"async\" width=\"1024\" height=\"1024\" src=\"https:\/\/remsecker-waldlauf.de\/wp-content\/uploads\/2021\/08\/6CCB39EF-84F8-46E3-8CF4-E2CF27ADA1CD-1024x1024.jpeg\" alt=\"\" class=\"wp-image-468\" srcset=\"https:\/\/remsecker-waldlauf.de\/wp-content\/uploads\/2021\/08\/6CCB39EF-84F8-46E3-8CF4-E2CF27ADA1CD-1024x1024.jpeg 1024w, https:\/\/remsecker-waldlauf.de\/wp-content\/uploads\/2021\/08\/6CCB39EF-84F8-46E3-8CF4-E2CF27ADA1CD-300x300.jpeg 300w, https:\/\/remsecker-waldlauf.de\/wp-content\/uploads\/2021\/08\/6CCB39EF-84F8-46E3-8CF4-E2CF27ADA1CD-150x150.jpeg 150w, https:\/\/remsecker-waldlauf.de\/wp-content\/uploads\/2021\/08\/6CCB39EF-84F8-46E3-8CF4-E2CF27ADA1CD-768x768.jpeg 768w, https:\/\/remsecker-waldlauf.de\/wp-content\/uploads\/2021\/08\/6CCB39EF-84F8-46E3-8CF4-E2CF27ADA1CD-1536x1536.jpeg 1536w, https:\/\/remsecker-waldlauf.de\/wp-content\/uploads\/2021\/08\/6CCB39EF-84F8-46E3-8CF4-E2CF27ADA1CD-1x1.jpeg 1w, https:\/\/remsecker-waldlauf.de\/wp-content\/uploads\/2021\/08\/6CCB39EF-84F8-46E3-8CF4-E2CF27ADA1CD.jpeg 1920w\" sizes=\"auto, (max-width: 1024px) 100vw, 1024px\" \/><\/figure>\n\n\n\n<hr class=\"wp-block-separator has-text-color has-background has-luminous-vivid-amber-background-color has-luminous-vivid-amber-color\"\/>\n\n\n\n<p><strong>#4. Training f\u00fcr den 1. Remsecker Waldlauf erfolgreich<\/strong><\/p>\n\n\n\n<p>Am vergangenen Freitag haben wir unser 4. Training f\u00fcr den Remsecker Waldlauf durchgef\u00fchrt. Diesmal&nbsp;liefen wir die&nbsp;unterschiedlichsten Strecken vom Remsecker Waldlauf&nbsp;ab. Jede&nbsp;Gruppe lief in ihrem eigenen Wohlf\u00fchltempo. Im Anschluss gab es diesmal kein Kr\u00e4ftigungsprogramm, da es ein wenig hei\u00df war. Wir freuen uns auf weitere Laufbegleiter. Wir treffen uns jeden&nbsp;Freitag, 19:30 Uhr vor dem Eingang zum Hochdorfer Wald. Meldet euch einfach unter lauftreff@remsecker-waldlauf.de kurz bei uns an. Wir freuen uns auf euch.<\/p>\n\n\n\n<hr class=\"wp-block-separator has-text-color has-background has-luminous-vivid-amber-background-color has-luminous-vivid-amber-color\"\/>\n\n\n\n<p><strong>#Pressebericht LKZ<\/strong><br>Wir planen mit voller Vorfreude f\u00fcr euch unseren ersten Remsecker Waldlauf. Meldet euch jetzt an und beginnt mit eurem Training. Wir unterst\u00fctzen euch gerne dabei \u2013 lauftreff@remsecker-waldlauf.de!<\/p>\n\n\n\n<p>Danke an unsere Unterst\u00fctzer:<\/p>\n\n\n\n<p>Ludwigsburger Kreiszeitung | www.lkz.de<\/p>\n\n\n\n<p>Volksbank Remseck e.G.<\/p>\n\n\n\n<p>AOK Baden-W\u00fcrttemberg<\/p>\n\n\n\n<p>Bauideen21<\/p>\n\n\n\n<p>Connectronic&nbsp;<\/p>\n\n\n\n<p>V\/i\/t&nbsp;<\/p>\n\n\n\n<p>Hennemann Elektrotechnik<\/p>\n\n\n\n<p>Seitel Malerwerkst\u00e4tte<\/p>\n\n\n\n<p>V\/i\/t Physio Tobias Durlach &amp; Team<\/p>\n\n\n\n<p>Flachs Bauunternehmen&nbsp;<\/p>\n\n\n\n<p>K\u00e4rcher<\/p>\n\n\n\n<p>Lorenz &amp; Krautt | Holzbau-Zimmerei<\/p>\n\n\n\n<p>Noller \u2013 M\u00fchlenladen<\/p>\n\n\n\n<p>\u00dcbelh\u00f6r \u2013 Karosseriefachbetrieb<\/p>\n\n\n\n<p>Walter Beton<\/p>\n\n\n\n<p>Remseck-Hochdorf<\/p>\n\n\n\n<p>Stadt Remseck am Neckar<\/p>\n\n\n\n<p>SGV Hochdorf e.V.<\/p>\n\n\n\n<figure class=\"wp-block-image\"><img loading=\"lazy\" decoding=\"async\" width=\"540\" height=\"960\" src=\"https:\/\/remsecker-waldlauf.de\/wp-content\/uploads\/2021\/08\/6B34D0DD-B7A3-4792-90E4-58D18A4E17D9.jpeg\" alt=\"\" class=\"wp-image-455\" srcset=\"https:\/\/remsecker-waldlauf.de\/wp-content\/uploads\/2021\/08\/6B34D0DD-B7A3-4792-90E4-58D18A4E17D9.jpeg 540w, https:\/\/remsecker-waldlauf.de\/wp-content\/uploads\/2021\/08\/6B34D0DD-B7A3-4792-90E4-58D18A4E17D9-169x300.jpeg 169w, https:\/\/remsecker-waldlauf.de\/wp-content\/uploads\/2021\/08\/6B34D0DD-B7A3-4792-90E4-58D18A4E17D9-1x1.jpeg 1w\" sizes=\"auto, (max-width: 540px) 100vw, 540px\" \/><\/figure>\n\n\n\n<hr class=\"wp-block-separator has-text-color has-background has-luminous-vivid-amber-background-color has-luminous-vivid-amber-color\"\/>\n\n\n\n<p><strong>#WLV-Kids-Marathon \u2013 ideale Vorbereitung f\u00fcr den Remsecker Waldlauf<\/strong><\/p>\n\n\n\n<p>F\u00fcr alle Kinder von 4 bis 11 Jahren bietet der W\u00fcrtt. Leichtathletik-Verband (WLV) ein neues Laufprojekt an, den WLV-Kids-Marathon. Als Begleiterscheinung der Corona-Pandemie hat sich das Bewegungsverhalten vieler Kinder stark ver\u00e4ndert. Mit dem WLV-Kids-Marathon wollen wir die Initiative vom WLV unterst\u00fctzen und Kinder dazu motivieren, die \u201eeinfachste\u201c sportliche Bewegungsform \u2013 das Laufen \u2013 kennenzulernen, Spa\u00df daran zu finden und in ihren Alltag einzubauen. Egal ob allein, mit Unterst\u00fctzung der Eltern, im Vereinssport beim SGV Hochdorf oder im schulischen Sportunterricht, jede\/r kann den WLV-Kids-Marathon absolvieren.<\/p>\n\n\n\n<p><strong>Wie funktioniert der WLV-Kids-Marathon?<\/strong><\/p>\n\n\n\n<p>Im Zeitraum zwischen dem 10. Juli und dem 30. September 2021 sammeln die Kinder Laufkilometer. Egal wann, wo und mit wem sie laufen und auch egal wie weit die Kinder laufen. Wichtig ist nur, dass jeder Kilometer festgehalten wird, um das Gesamtziel von 42,195 km zu erreichen. Zur Dokumentation der Laufkilometer stellt der WLV auf der Websteite https:\/\/www.wlv-sport.de\/home\/kinder\/wlv-kids-marathon eine sog. Laufkarte zur Verf\u00fcgung, die eine virtuelle Reise durch die Landkreise von Baden-W\u00fcrttemberg erm\u00f6glicht. F\u00fcr jeden gelaufenen Kilometer malt das Kind einen Landkreis farbig aus. Es kann dabei im eigenen Landkreis beginnen oder in einem beliebig anderen. Wer den ersten Laufkilometer z.B. am 10.\/11. Juli 2021 beim virtuellen 28. Stuttgart-Lauf gelaufen ist, kann im Kreis Stuttgart mit dem Ausmalen beginnen und f\u00fcr jeden weiteren Laufkilometer die angrenzenden Landkreise ausmalen. Wenn alle 43 Landkreise\/Felder mit Autokennzeichen ausgemalt sind, hat das Kind sein Marathon-Ziel erreicht! Als Belohnung winken eine Urkunde (Downloadbereich) sowie eine Medaille, die \u00fcber den Shop vom WLV bestellt werden kann. Wir vom SGV Hochdorf unterst\u00fctzen euch dabei. Wenn ihr eure Laufkilometer zusammen und auf der Laufkarte ausgemalt habt, lasst uns eure Ergebnisse zukommen und wir werden eure Belohnung (Urkunde\/ Medaille) beim WLV bestellen. Wir w\u00fcnsche euch viel Spa\u00df beim Training und freuen uns auf eure Teilnahme beim Remsecker Waldlauf.<\/p>\n\n\n\n<figure class=\"wp-block-image\"><img loading=\"lazy\" decoding=\"async\" width=\"950\" height=\"721\" src=\"https:\/\/remsecker-waldlauf.de\/wp-content\/uploads\/2021\/08\/E7D95455-D5FC-4511-8392-6102418ABF30.jpeg\" alt=\"\" class=\"wp-image-451\" srcset=\"https:\/\/remsecker-waldlauf.de\/wp-content\/uploads\/2021\/08\/E7D95455-D5FC-4511-8392-6102418ABF30.jpeg 950w, https:\/\/remsecker-waldlauf.de\/wp-content\/uploads\/2021\/08\/E7D95455-D5FC-4511-8392-6102418ABF30-300x228.jpeg 300w, https:\/\/remsecker-waldlauf.de\/wp-content\/uploads\/2021\/08\/E7D95455-D5FC-4511-8392-6102418ABF30-768x583.jpeg 768w, https:\/\/remsecker-waldlauf.de\/wp-content\/uploads\/2021\/08\/E7D95455-D5FC-4511-8392-6102418ABF30-1x1.jpeg 1w\" sizes=\"auto, (max-width: 950px) 100vw, 950px\" \/><\/figure>\n\n\n\n<hr class=\"wp-block-separator has-text-color has-background has-luminous-vivid-amber-background-color has-luminous-vivid-amber-color\"\/>\n\n\n\n<p><strong>#3. Training f\u00fcr den 1. Remsecker Waldlauf erfolgreich<\/strong><\/p>\n\n\n\n<p>Am vergangenen Freitag haben wir unser 3. Training f\u00fcr den Remsecker Waldlauf durchgef\u00fchrt. Diesmal&nbsp;liefen wir die&nbsp;unterschiedlichsten Strecken vom Remsecker Waldlauf&nbsp;ab. Jede&nbsp;Gruppe lief in ihrem eigenen Wohlf\u00fchltempo. Im Anschluss gab es ein kleines Kr\u00e4ftigungsprogramm f\u00fcr die Beine. Wir freuen uns auf weitere Laufbegleiter. Wir treffen uns jeden&nbsp;Freitag, 19:30 Uhr vor dem Eingang zum Hochdorfer Wald. Meldet euch einfach unter lauftreff@remsecker-waldlauf.de kurz bei uns an. Wir freuen uns auf euch.<\/p>\n\n\n\n<hr class=\"wp-block-separator has-text-color has-background has-luminous-vivid-amber-background-color has-luminous-vivid-amber-color\"\/>\n\n\n\n<p><strong>#2. Training f\u00fcr den 1. Remsecker Waldlauf am 30.07.2021<\/strong><\/p>\n\n\n\n<p>Ihr wollt euch die Strecke vom 1. Remsecker Waldlauf anschauen? Ihr wollt bereits die ersten Trainingsminuten absolvieren, so schaut am<strong>&nbsp;Freitag, 30.07.2021 um 19:30 Uhr beim Eingang zum Hochdorfer Wald vorbei<\/strong>. Wir freuen uns auf euch! Meldet euch einfach unter lauftreff@remsecker-waldlauf.de!<\/p>\n\n\n\n<hr class=\"wp-block-separator has-text-color has-background has-luminous-vivid-amber-background-color has-luminous-vivid-amber-color\"\/>\n\n\n\n<p><strong>#1. Training f\u00fcr den 1. Remsecker Waldlauf erfolgreich<\/strong><\/p>\n\n\n\n<p>Am vergangenen Freitag haben wir unser 1. Training f\u00fcr den Remsecker Waldlauf durchgef\u00fchrt und unseren neuen Lauftreff \u201eRemsecker Waldlauf\u201c gegr\u00fcndet. Zuerst haben wir uns vor dem Training kennengelernt und \u00fcber das Laufen ausgetauscht. Danach folgte eine lockeres Warm-up und leichtes Stretching. Danach ging es los und wir liefen in Gruppen die SEITEL \u2013 KURZSTRECKE ab. Jeder Gruppe lief in ihrem eigenen Wohlf\u00fchltempo. Zum Abschluss tauschten wir uns \u00fcber unsere zuk\u00fcnftigen Lauferlebnisse aus. Wir freuen uns auf weitere Laufbegleiter. Meldet euch einfach unter lauftreff@remsecker-waldlauf.de kurz bei uns an. Wir freuen uns auf euch.<\/p>\n\n\n\n<figure class=\"wp-block-image\"><img loading=\"lazy\" decoding=\"async\" width=\"1024\" height=\"683\" src=\"https:\/\/remsecker-waldlauf.de\/wp-content\/uploads\/2021\/07\/IMG_9800-1-1024x683.jpg\" alt=\"\" class=\"wp-image-376\" srcset=\"https:\/\/remsecker-waldlauf.de\/wp-content\/uploads\/2021\/07\/IMG_9800-1-1024x683.jpg 1024w, https:\/\/remsecker-waldlauf.de\/wp-content\/uploads\/2021\/07\/IMG_9800-1-300x200.jpg 300w, https:\/\/remsecker-waldlauf.de\/wp-content\/uploads\/2021\/07\/IMG_9800-1-768x512.jpg 768w, https:\/\/remsecker-waldlauf.de\/wp-content\/uploads\/2021\/07\/IMG_9800-1-1536x1024.jpg 1536w, https:\/\/remsecker-waldlauf.de\/wp-content\/uploads\/2021\/07\/IMG_9800-1-2048x1365.jpg 2048w, https:\/\/remsecker-waldlauf.de\/wp-content\/uploads\/2021\/07\/IMG_9800-1-2x1.jpg 2w\" sizes=\"auto, (max-width: 1024px) 100vw, 1024px\" \/><figcaption>Teil der Strecke<\/figcaption><\/figure>\n\n\n\n<hr class=\"wp-block-separator has-text-color has-background has-luminous-vivid-amber-background-color has-luminous-vivid-amber-color\"\/>\n\n\n\n<p><strong>#1. Training f\u00fcr den 1. Remsecker Waldlauf am 23.07.2021<\/strong><\/p>\n\n\n\n<p>Ihr wollt euch die Strecke vom 1. Remsecker Waldlauf anschauen? Ihr wollt bereits die ersten Trainingsminuten absolvieren, so schaut am<strong>&nbsp;Freitag, 23.07.2021 um 19:30 Uhr beim Eingang zum Hochdorfer Wald vorbei<\/strong>. Wir freuen uns auf euch!<\/p>\n\n\n\n<hr class=\"wp-block-separator has-text-color has-background has-luminous-vivid-amber-background-color has-luminous-vivid-amber-color\"\/>\n\n\n\n<p><strong>#Watomis, Kinderhaus und Grundschule Hochdorf sind bereits im Training<\/strong><\/p>\n\n\n\n<p>In der vergangen Woche konnten die Kinder von den den Watomis, dem Kinderhaus und der Grundschule Hochdorf die Strecken vom AOK-Bambinilauf 500m, Connectronic Sch\u00fclerlauf 1.000m und V\/i\/t Physio Sch\u00fclerlauf 1.900m kennenlernen. Alle Kinder rannten mit viel Freude und Spa\u00df durch den Hochdorfer Wald. Der Grundstein f\u00fcr ein Training in den n\u00e4chsten Wochen ist somit gelegt. Wir w\u00fcnschen allen Kindern eine sch\u00f6ne Vorbereitung auf den 1. Remsecker Waldlauf.<\/p>\n\n\n\n<figure class=\"wp-block-image\"><img loading=\"lazy\" decoding=\"async\" width=\"1024\" height=\"683\" src=\"https:\/\/remsecker-waldlauf.de\/wp-content\/uploads\/2021\/07\/IMG_9796-1024x683.jpg\" alt=\"\" class=\"wp-image-372\" srcset=\"https:\/\/remsecker-waldlauf.de\/wp-content\/uploads\/2021\/07\/IMG_9796-1024x683.jpg 1024w, https:\/\/remsecker-waldlauf.de\/wp-content\/uploads\/2021\/07\/IMG_9796-300x200.jpg 300w, https:\/\/remsecker-waldlauf.de\/wp-content\/uploads\/2021\/07\/IMG_9796-768x512.jpg 768w, https:\/\/remsecker-waldlauf.de\/wp-content\/uploads\/2021\/07\/IMG_9796-1536x1024.jpg 1536w, https:\/\/remsecker-waldlauf.de\/wp-content\/uploads\/2021\/07\/IMG_9796-2048x1365.jpg 2048w, https:\/\/remsecker-waldlauf.de\/wp-content\/uploads\/2021\/07\/IMG_9796-2x1.jpg 2w\" sizes=\"auto, (max-width: 1024px) 100vw, 1024px\" \/><figcaption>Teil der Strecke<\/figcaption><\/figure>\n\n\n\n<hr class=\"wp-block-separator has-text-color has-background has-luminous-vivid-amber-background-color has-luminous-vivid-amber-color\"\/>\n\n\n\n<p><strong>#SGV Hochdorf plant 1. Remsecker Waldlauf<\/strong><br>Remseck-Hochdorf wird am 2.10.2021 Austragungsort des 1. Remsecker Waldlaufs. Dies machen eine Vielzahl von Sponsoren und insbesondere das Organisationsteam des SGV Hochdorf e.V. m\u00f6glich. Im Hochdorfer Wald werden sechs L\u00e4ufe stattfinden. Der Wald soll hierbei als Wohlf\u00fchlfaktor erlebbar gemacht werden.<\/p>\n\n\n\n<p>Der Waldlauf in Hochdorf hatte bis in die 90iger Jahren bereits Tradition. Die Leichtathletikabteilungen des TSV Affalterbach sowie des SGV Hochdorf e.V. der LG Lemberg veranstalteten einen internen Waldlauf f\u00fcr Kinder und trugen hierbei ihre Vereinsmeisterschaften aus. Diese Idee wurde im Herbst 2020 wieder aufgegriffen und durch Gespr\u00e4che mit dem W\u00fcrttembergischen Leichtathletikverband und der Stadt Remseck neu geplant.<\/p>\n\n\n\n<p>\u201eUns ist es wichtig, eine offene Veranstaltung f\u00fcr alle Laufbegeisterte, einen attraktiven Wettkampf und ein interessantes Rahmenprogramm anzubieten\u201c, so Tim Schweizer, Vorsitzender des SGV Hochdorf. \u201eNaheliegend waren hierbei die Laufstrecken f\u00fcr jeden machbar und abwechslungsreich zu gestalten\u201c, f\u00fcgt Markus Mayer, stv. Vorsitzender, hinzu. Den Start am 2.10.2021 macht der&nbsp;<em>AOK<\/em>\u2013<em>Bambinilauf<\/em>, welcher durch den Laufpaten Marcel Fehr, einem aktiven Spitzensportler,&nbsp; begleitet wird. Er m\u00f6chte die Kids im Vorfeld beim Training unterst\u00fctzen und wird sie am Streckenrand anfeuern. Vanessa K\u00fchnert vom OrgaTeam f\u00fcgt ein weiteres Schmankerl hinzu: \u201eWir bieten f\u00fcr die Bambinis einen kostenfreien Startplatz mit einer Finisher Medaille an\u201c. F\u00fcr Sch\u00fcler wird es durch die Unterst\u00fctzung von&nbsp;<em>Connectronic<\/em>&nbsp;und&nbsp;<em>V\/i\/t Physio<\/em>&nbsp;zwei L\u00e4ufe \u00fcber 1.000 m und 1.900 m geben. \u201eDank engagierter Lehrer wird es f\u00fcr die Sch\u00fcler der Grundschule Hochdorf, voraussichtlich eine Trainingsvorbereitung auf die zwei L\u00e4ufe geben\u201c, berichtet Sina Hoyer vom OrgaTeam begeistert.<\/p>\n\n\n\n<p>Im Jugendbereich unterst\u00fctzt&nbsp;<em>Hennemann Elektrotechnik<\/em>&nbsp;und bietet einen Jugendlauf \u00fcber 2.900 m an. \u201eHier freuen wir uns auf viele Teilnehmer der weiterf\u00fchrenden Schulen aus Remseck und Umgebung\u201c, so Werner Fechter, Abteilungsleiter Leichtathletik. Nach dem Jugendlauf d\u00fcrfen die Eltern und Hobbyl\u00e4ufer f\u00fcr die&nbsp;<em>Seitel<\/em>&nbsp;<em>Kurzstrecke<\/em>&nbsp;\u00fcber 2.900 m an den Start gehen. \u201eDieser ist insbesondere f\u00fcr Einsteiger, welche mit dem Laufen beginnen wollen, geeignet\u201c, verr\u00e4t Nicole M\u00f6bus als erfahrene L\u00e4uferin aus Hochdorf. \u201eMit der&nbsp;<em>Bauideen21<\/em>&nbsp;<em>Mittelstrecke<\/em>&nbsp;\u00fcber 5.000 m erwarten wir einige ambitionierte L\u00e4ufer und Firmenl\u00e4ufer\u201c, sch\u00e4tzt Carina Depner.<\/p>\n\n\n\n<p>Remsecks Oberb\u00fcrgermeister Dirk Sch\u00f6nberger unterst\u00fctzt am 2.10.2021 als Schirmherr der sechs L\u00e4ufe durch den Hochdorfer Wald die L\u00e4uferinnen und L\u00e4ufer pers\u00f6nlich. \u201eIch freue mich ganz besonders, viele L\u00e4uferinnen und L\u00e4ufer, aber auch die Zuschauer zur Premiere dieser Laufsportveranstaltung begr\u00fc\u00dfen zu d\u00fcrfen.\u201c&nbsp;<\/p>\n\n\n\n<p>\u201eDurch den gesamten Tag wird uns Achim Seiter als bekannter Moderater von diversen Laufveranstaltungen begleiten und so wird der Waldlauf f\u00fcr die Teilnehmer, Zuschauer, Familien und Teams als ganz besonderer Tag noch lange in Erinnerung bleiben\u201c, f\u00fcgt Markus Mayer hinzu.<\/p>\n\n\n\n<p>Seit dem 15.7.2021 ist das Anmeldeportal \u00fcber https:\/\/www.remsecker-waldlauf.de ge\u00f6ffnet. Die ersten 15 Anmeldungen je Lauf erhalten ein limitiertes Volksbank-Remseck Laufshirt zum 1. Remsecker Waldlauf kostenfrei zur Anmeldung dazu.<\/p>\n\n\n\n<figure class=\"wp-block-image\"><img decoding=\"async\" src=\"https:\/\/www.sgv-hochdorf.de\/wp-content\/uploads\/2021\/07\/F9D57879-D44A-4ECA-BE2E-7AD070B7FACF-1024x835.jpeg\" alt=\"\" class=\"wp-image-5810\"\/><figcaption>OrgaTeam: v.l.n.r. Carina Depner, Nicole M\u00f6bus, Markus Mayer, Sina Hoyer, Werner Fechter, Tim Schweizer (Vanessa K\u00fchnert fehlt auf dem Foto)<\/figcaption><\/figure>\n\n\n\n<hr class=\"wp-block-separator has-text-color has-background has-luminous-vivid-amber-background-color has-luminous-vivid-amber-color\"\/>\n\n\n\n<figure class=\"wp-block-image\"><img loading=\"lazy\" decoding=\"async\" width=\"726\" height=\"1024\" src=\"https:\/\/remsecker-waldlauf.de\/wp-content\/uploads\/2021\/07\/Plakat_Druck-726x1024.jpg\" alt=\"\" class=\"wp-image-407\" srcset=\"https:\/\/remsecker-waldlauf.de\/wp-content\/uploads\/2021\/07\/Plakat_Druck-726x1024.jpg 726w, https:\/\/remsecker-waldlauf.de\/wp-content\/uploads\/2021\/07\/Plakat_Druck-213x300.jpg 213w, https:\/\/remsecker-waldlauf.de\/wp-content\/uploads\/2021\/07\/Plakat_Druck-768x1083.jpg 768w, https:\/\/remsecker-waldlauf.de\/wp-content\/uploads\/2021\/07\/Plakat_Druck-1x1.jpg 1w, https:\/\/remsecker-waldlauf.de\/wp-content\/uploads\/2021\/07\/Plakat_Druck.jpg 800w\" sizes=\"auto, (max-width: 726px) 100vw, 726px\" \/><\/figure>\n","protected":false},"excerpt":{"rendered":"<p>Wir sagen vielen Dank f\u00fcr den tollen Tag, welchen wir mit euch zusammen erleben durften! Danke an alle Kinder und L\u00e4ufer, welche mit Freude und Leidenschaft heute dabei waren. DANKE! Vielen Dank an alle Sponsoren, Unterst\u00fctzer, DRK Remseck, Achim Seiter mit Team und unseren Helfern! Die&nbsp;Ergebnisse&nbsp;zum 1. Remsecker Wadllauf sind online. Der Druck der Urkunden [&hellip;]<\/p>\n","protected":false},"author":1,"featured_media":0,"comment_status":"open","ping_status":"open","sticky":false,"template":"","format":"standard","meta":{"pgc_sgb_lightbox_settings":"","two_page_speed":[],"footnotes":""},"categories":[1],"tags":[],"class_list":["post-811","post","type-post","status-publish","format-standard","hentry","category-uncategorized"],"_links":{"self":[{"href":"https:\/\/remsecker-waldlauf.de\/index.php?rest_route=\/wp\/v2\/posts\/811","targetHints":{"allow":["GET"]}}],"collection":[{"href":"https:\/\/remsecker-waldlauf.de\/index.php?rest_route=\/wp\/v2\/posts"}],"about":[{"href":"https:\/\/remsecker-waldlauf.de\/index.php?rest_route=\/wp\/v2\/types\/post"}],"author":[{"embeddable":true,"href":"https:\/\/remsecker-waldlauf.de\/index.php?rest_route=\/wp\/v2\/users\/1"}],"replies":[{"embeddable":true,"href":"https:\/\/remsecker-waldlauf.de\/index.php?rest_route=%2Fwp%2Fv2%2Fcomments&post=811"}],"version-history":[{"count":4,"href":"https:\/\/remsecker-waldlauf.de\/index.php?rest_route=\/wp\/v2\/posts\/811\/revisions"}],"predecessor-version":[{"id":833,"href":"https:\/\/remsecker-waldlauf.de\/index.php?rest_route=\/wp\/v2\/posts\/811\/revisions\/833"}],"wp:attachment":[{"href":"https:\/\/remsecker-waldlauf.de\/index.php?rest_route=%2Fwp%2Fv2%2Fmedia&parent=811"}],"wp:term":[{"taxonomy":"category","embeddable":true,"href":"https:\/\/remsecker-waldlauf.de\/index.php?rest_route=%2Fwp%2Fv2%2Fcategories&post=811"},{"taxonomy":"post_tag","embeddable":true,"href":"https:\/\/remsecker-waldlauf.de\/index.php?rest_route=%2Fwp%2Fv2%2Ftags&post=811"}],"curies":[{"name":"wp","href":"https:\/\/api.w.org\/{rel}","templated":true}]}}